{"id":70,"date":"2026-01-11T00:08:39","date_gmt":"2026-01-11T03:08:39","guid":{"rendered":"https:\/\/redem.c3sl.ufpr.br\/blog\/?p=70"},"modified":"2026-01-18T23:28:59","modified_gmt":"2026-01-19T02:28:59","slug":"indicadores-economicos-e-financeiros","status":"publish","type":"post","link":"https:\/\/redem.c3sl.ufpr.br\/blog\/index.php\/2026\/01\/11\/indicadores-economicos-e-financeiros\/","title":{"rendered":"Indicadores \u201cEcon\u00f4micos e Financeiros\u201d no Portal da Classe Pol\u00edtica"},"content":{"rendered":"\n<p class=\"is-style-text-subtitle is-style-text-subtitle--1\"><strong>1. Total de Recursos Declarados<\/strong><\/p>\n\n\n\n<p>Descri\u00e7\u00e3o:<\/p>\n\n\n\n<p>Esse indicador mostra o valor total de recursos financeiros declarados pelos candidatos para suas campanhas.<\/p>\n\n\n\n<p>Utilidades:<\/p>\n\n\n\n<p>An\u00e1lise de Financiamento: Avalia a capacidade financeira dos candidatos.<\/p>\n\n\n\n<p>Transpar\u00eancia de Campanha: Ajuda a monitorar a transpar\u00eancia e a legalidade dos recursos utilizados.<\/p>\n\n\n\n<h2 class=\"wp-block-heading\">2. Total de Recursos do Fundo Partid\u00e1rio<\/h2>\n\n\n\n<p>Descri\u00e7\u00e3o:<\/p>\n\n\n\n<p>Este indicador mede o total de recursos recebidos pelos candidatos provenientes do fundo partid\u00e1rio.<\/p>\n\n\n\n<p>Utilidades:<\/p>\n\n\n\n<p>Suporte Partid\u00e1rio: Analisa o apoio financeiro oferecido pelos partidos aos seus candidatos.<\/p>\n\n\n\n<p>Distribui\u00e7\u00e3o de Recursos: Ajuda a entender como os fundos partid\u00e1rios s\u00e3o distribu\u00eddos entre os candidatos.<\/p>\n\n\n\n<h2 class=\"wp-block-heading\">3. Total de Recursos do Fundo Eleitoral<\/h2>\n\n\n\n<p>Descri\u00e7\u00e3o:<\/p>\n\n\n\n<p>Esse indicador mostra o valor total de recursos recebidos pelos candidatos do fundo eleitoral p\u00fablico.<\/p>\n\n\n\n<p>Utilidades:<\/p>\n\n\n\n<p>Uso de Recursos P\u00fablicos: Avalia a depend\u00eancia dos candidatos em rela\u00e7\u00e3o aos recursos p\u00fablicos para suas campanhas.<\/p>\n\n\n\n<p>Compara\u00e7\u00e3o de Financiamento: Compara o uso de recursos p\u00fablicos entre diferentes candidatos e partidos.<\/p>\n\n\n\n<h2 class=\"wp-block-heading\">4. Total de Recursos Pr\u00f3prios<\/h2>\n\n\n\n<p>Descri\u00e7\u00e3o:<\/p>\n\n\n\n<p>Este indicador mede o total de recursos pr\u00f3prios que os candidatos investiram em suas campanhas.<\/p>\n\n\n\n<p>Utilidades:<\/p>\n\n\n\n<p>Investimento Pessoal: mostra o n\u00edvel de comprometimento financeiro dos candidatos com suas pr\u00f3prias campanhas.<\/p>\n\n\n\n<p>Autossufici\u00eancia: avalia a capacidade dos candidatos de financiar suas campanhas independentemente de recursos externos.<\/p>\n\n\n\n<h2 class=\"wp-block-heading\">S\u00edntese<\/h2>\n\n\n\n<p>Os indicadores da Dimens\u00e3o de Financiamento s\u00e3o \u00fateis para entender a din\u00e2mica financeira das campanhas eleitorais. Eles oferecem informa\u00e7\u00f5es sobre a capacidade financeira dos candidatos, o suporte partid\u00e1rio e o uso de recursos p\u00fablicos e pr\u00f3prios. Use esses indicadores para analisar a din\u00e2mica financeira e a transpar\u00eancia das campanhas eleitorais.<\/p>\n\n\n\n<p> <\/p>\n\n\n\n<p><\/p>\n","protected":false},"excerpt":{"rendered":"<p>Bem-vindo ao tutorial sobre os indicadores da Dimens\u00e3o de Financiamento do Portal da Classe Pol\u00edtica! Neste guia, vamos explorar os quatro indicadores dessa dimens\u00e3o, explicando suas utilidades e como utiliz\u00e1-los para obter insights sobre o financiamento das campanhas eleitorais.<\/p>\n","protected":false},"author":5,"featured_media":72,"comment_status":"open","ping_status":"open","sticky":false,"template":"","format":"standard","meta":{"footnotes":""},"categories":[8],"tags":[],"class_list":["post-70","post","type-post","status-publish","format-standard","has-post-thumbnail","hentry","category-tutoriais-portalcp"],"_links":{"self":[{"href":"https:\/\/redem.c3sl.ufpr.br\/blog\/index.php\/wp-json\/wp\/v2\/posts\/70","targetHints":{"allow":["GET"]}}],"collection":[{"href":"https:\/\/redem.c3sl.ufpr.br\/blog\/index.php\/wp-json\/wp\/v2\/posts"}],"about":[{"href":"https:\/\/redem.c3sl.ufpr.br\/blog\/index.php\/wp-json\/wp\/v2\/types\/post"}],"author":[{"embeddable":true,"href":"https:\/\/redem.c3sl.ufpr.br\/blog\/index.php\/wp-json\/wp\/v2\/users\/5"}],"replies":[{"embeddable":true,"href":"https:\/\/redem.c3sl.ufpr.br\/blog\/index.php\/wp-json\/wp\/v2\/comments?post=70"}],"version-history":[{"count":3,"href":"https:\/\/redem.c3sl.ufpr.br\/blog\/index.php\/wp-json\/wp\/v2\/posts\/70\/revisions"}],"predecessor-version":[{"id":155,"href":"https:\/\/redem.c3sl.ufpr.br\/blog\/index.php\/wp-json\/wp\/v2\/posts\/70\/revisions\/155"}],"wp:featuredmedia":[{"embeddable":true,"href":"https:\/\/redem.c3sl.ufpr.br\/blog\/index.php\/wp-json\/wp\/v2\/media\/72"}],"wp:attachment":[{"href":"https:\/\/redem.c3sl.ufpr.br\/blog\/index.php\/wp-json\/wp\/v2\/media?parent=70"}],"wp:term":[{"taxonomy":"category","embeddable":true,"href":"https:\/\/redem.c3sl.ufpr.br\/blog\/index.php\/wp-json\/wp\/v2\/categories?post=70"},{"taxonomy":"post_tag","embeddable":true,"href":"https:\/\/redem.c3sl.ufpr.br\/blog\/index.php\/wp-json\/wp\/v2\/tags?post=70"}],"curies":[{"name":"wp","href":"https:\/\/api.w.org\/{rel}","templated":true}]}}