{"id":67,"date":"2026-01-11T00:06:50","date_gmt":"2026-01-11T03:06:50","guid":{"rendered":"https:\/\/redem.c3sl.ufpr.br\/blog\/?p=67"},"modified":"2026-01-18T23:29:08","modified_gmt":"2026-01-19T02:29:08","slug":"indicadores-espacial-de-votos","status":"publish","type":"post","link":"https:\/\/redem.c3sl.ufpr.br\/blog\/index.php\/2026\/01\/11\/indicadores-espacial-de-votos\/","title":{"rendered":"Indicadores \u201cEspacial de Votos\u201d no Portal da Classe Pol\u00edtica"},"content":{"rendered":"\n<p class=\"is-style-text-subtitle is-style-text-subtitle--1\"><strong>1. Distribui\u00e7\u00e3o Geogr\u00e1fica dos Votos<\/strong><\/p>\n\n\n\n<p>Descri\u00e7\u00e3o: Esse indicador mostra como os votos s\u00e3o distribu\u00eddos entre diferentes regi\u00f5es geogr\u00e1ficas, como estados, munic\u00edpios ou zonas eleitorais. Utilidades: An\u00e1lise Regional: Avalia o desempenho dos candidatos em diferentes \u00e1reas geogr\u00e1ficas. Planejamento de Campanha: Ajuda a identificar regi\u00f5es com maior ou menor suporte eleitoral para direcionar esfor\u00e7os de campanha.<\/p>\n\n\n\n<h2 class=\"wp-block-heading\">2. Concentra\u00e7\u00e3o Eleitoral<\/h2>\n\n\n\n<p>Descri\u00e7\u00e3o: A Concentra\u00e7\u00e3o Eleitoral mede a intensidade do suporte eleitoral em determinadas \u00e1reas, indicando regi\u00f5es onde os candidatos t\u00eam maior concentra\u00e7\u00e3o de votos. Utilidades: Identifica\u00e7\u00e3o de Redutos Eleitorais: Localiza \u00e1reas de forte apoio a candidatos ou partidos. Desenvolvimento de Estrat\u00e9gias Regionais: Informa a necessidade de fortalecer a presen\u00e7a em regi\u00f5es espec\u00edficas.<\/p>\n\n\n\n<h2 class=\"wp-block-heading\">3. Dispers\u00e3o Eleitoral<\/h2>\n\n\n\n<p>Descri\u00e7\u00e3o: A Dispers\u00e3o Eleitoral mostra como os votos de um candidato est\u00e3o espalhados em uma determinada regi\u00e3o, refletindo a abrang\u00eancia do seu apoio. Utilidades: Amplitude de Apoio: Avalia se o candidato tem suporte eleitoral amplo ou est\u00e1 concentrado em \u00e1reas espec\u00edficas. Segmenta\u00e7\u00e3o de Campanha: Ajuda a identificar \u00e1reas para expandir ou consolidar o apoio.<\/p>\n\n\n\n<h2 class=\"wp-block-heading\">4. \u00cdndice de Competitividade Regional<\/h2>\n\n\n\n<p>Descri\u00e7\u00e3o: Esse \u00edndice mede o grau de competitividade das elei\u00e7\u00f5es em diferentes regi\u00f5es, avaliando o qu\u00e3o disputadas foram as elei\u00e7\u00f5es em termos de margem de vit\u00f3ria. Utilidades: An\u00e1lise de Competitividade: Entende quais regi\u00f5es t\u00eam elei\u00e7\u00f5es mais disputadas. Foco de Recursos: Direciona recursos para regi\u00f5es onde a competi\u00e7\u00e3o \u00e9 mais acirrada.<\/p>\n\n\n\n<h2 class=\"wp-block-heading\">S\u00edntese<\/h2>\n\n\n\n<p class=\"is-style-default\">Os indicadores da Dimens\u00e3o Geogr\u00e1fica oferecem informa\u00e7\u00f5es \u00fateis para entender a distribui\u00e7\u00e3o espacial dos votos e a competitividade regional. Eles ajudam a identificar \u00e1reas de for\u00e7a e fraqueza, permitindo o desenvolvimento de estrat\u00e9gias de campanha mais eficientes. Use esses indicadores para obter uma vis\u00e3o mais completa e nuan\u00e7ada das disputas eleitorais.<\/p>\n","protected":false},"excerpt":{"rendered":"<p>Bem-vindo(a) ao tutorial sobre indicadores da Dimens\u00e3o \u201cEspacial de Votos\u201d do Portal da Classe Pol\u00edtica! Neste guia, vamos descrever os quatro indicadores dessa dimens\u00e3o, destacando suas utilidades e como utiliz\u00e1-los para obter insights sobre a distribui\u00e7\u00e3o geogr\u00e1fica dos dados eleitorais.<\/p>\n","protected":false},"author":5,"featured_media":68,"comment_status":"open","ping_status":"open","sticky":false,"template":"","format":"standard","meta":{"footnotes":""},"categories":[8],"tags":[],"class_list":["post-67","post","type-post","status-publish","format-standard","has-post-thumbnail","hentry","category-tutoriais-portalcp"],"_links":{"self":[{"href":"https:\/\/redem.c3sl.ufpr.br\/blog\/index.php\/wp-json\/wp\/v2\/posts\/67","targetHints":{"allow":["GET"]}}],"collection":[{"href":"https:\/\/redem.c3sl.ufpr.br\/blog\/index.php\/wp-json\/wp\/v2\/posts"}],"about":[{"href":"https:\/\/redem.c3sl.ufpr.br\/blog\/index.php\/wp-json\/wp\/v2\/types\/post"}],"author":[{"embeddable":true,"href":"https:\/\/redem.c3sl.ufpr.br\/blog\/index.php\/wp-json\/wp\/v2\/users\/5"}],"replies":[{"embeddable":true,"href":"https:\/\/redem.c3sl.ufpr.br\/blog\/index.php\/wp-json\/wp\/v2\/comments?post=67"}],"version-history":[{"count":3,"href":"https:\/\/redem.c3sl.ufpr.br\/blog\/index.php\/wp-json\/wp\/v2\/posts\/67\/revisions"}],"predecessor-version":[{"id":156,"href":"https:\/\/redem.c3sl.ufpr.br\/blog\/index.php\/wp-json\/wp\/v2\/posts\/67\/revisions\/156"}],"wp:featuredmedia":[{"embeddable":true,"href":"https:\/\/redem.c3sl.ufpr.br\/blog\/index.php\/wp-json\/wp\/v2\/media\/68"}],"wp:attachment":[{"href":"https:\/\/redem.c3sl.ufpr.br\/blog\/index.php\/wp-json\/wp\/v2\/media?parent=67"}],"wp:term":[{"taxonomy":"category","embeddable":true,"href":"https:\/\/redem.c3sl.ufpr.br\/blog\/index.php\/wp-json\/wp\/v2\/categories?post=67"},{"taxonomy":"post_tag","embeddable":true,"href":"https:\/\/redem.c3sl.ufpr.br\/blog\/index.php\/wp-json\/wp\/v2\/tags?post=67"}],"curies":[{"name":"wp","href":"https:\/\/api.w.org\/{rel}","templated":true}]}}