{"id":239,"date":"2026-04-10T18:18:32","date_gmt":"2026-04-10T21:18:32","guid":{"rendered":"https:\/\/redem.c3sl.ufpr.br\/blog\/?p=239"},"modified":"2026-04-10T18:34:49","modified_gmt":"2026-04-10T21:34:49","slug":"o-crescimento-das-candidaturas-indigenas-e-os-limites-da-representacao-politica","status":"publish","type":"post","link":"https:\/\/redem.c3sl.ufpr.br\/blog\/index.php\/2026\/04\/10\/o-crescimento-das-candidaturas-indigenas-e-os-limites-da-representacao-politica\/","title":{"rendered":"O crescimento das candidaturas ind\u00edgenas e os limites da representa\u00e7\u00e3o pol\u00edtica"},"content":{"rendered":"\n<p class=\"is-style-text-subtitle has-medium-font-size is-style-text-subtitle--1\"><em>Por Isadora Bortolini e Nilton Sainz<\/em><\/p>\n\n\n\n<p>O presente ensaio concentra-se em interpretar dados espec\u00edficos sobre pessoas autodeclaradas ind\u00edgenas e engajamento pol\u00edtico. Para isso, foi feito um recorte que compreende o sucesso eleitoral de deputados estaduais, federais e senadores entre as elei\u00e7\u00f5es de 2014 e 2022. Entre os anos analisados, foram eleitos o que representa 11 pessoas, 5 diferentes partidos, os quais se diferem em 4 ideologias.&nbsp;<\/p>\n\n\n\n<p>Entre 2014 e 2024, o aumento de candidaturas ind\u00edgenas eleitas no Brasil trouxe \u00e0 tona uma li\u00e7\u00e3o importante: ocupar cadeiras no Legislativo n\u00e3o \u00e9 o mesmo que defender, de fato, os interesses dos povos ind\u00edgenas. Em Ci\u00eancia Pol\u00edtica, chamamos isso de diferen\u00e7a entre presen\u00e7a institucional (representa\u00e7\u00e3o descritiva) e representa\u00e7\u00e3o substantiva. Ao observar deputados estaduais, federais e senadores eleitos no per\u00edodo, este ensaio argumenta que trajet\u00f3ria, filia\u00e7\u00e3o partid\u00e1ria, ideologia e rela\u00e7\u00e3o com o movimento ind\u00edgena organizado ajudam a explicar diferen\u00e7as importantes entre autodeclara\u00e7\u00e3o, reconhecimento coletivo e defesa efetiva das pautas ind\u00edgenas. Nos tr\u00eas pleitos em que esses cargos estiveram em disputa no per\u00edodo analisado \u2014 2014, 2018 e 2022 \u2014, 11 candidaturas ind\u00edgenas foram eleitas, distribu\u00eddas por cinco partidos e quatro posicionamentos ideol\u00f3gicos.<\/p>\n\n\n\n<p>Antes, por\u00e9m, de observar quais candidaturas ind\u00edgenas alcan\u00e7aram sucesso eleitoral, \u00e9 preciso considerar o crescimento da presen\u00e7a ind\u00edgena na competi\u00e7\u00e3o eleitoral. Como mostra o gr\u00e1fico abaixo, aumentou, ao longo dos pleitos analisados, a participa\u00e7\u00e3o de candidaturas autodeclaradas ind\u00edgenas entre deputados estaduais, deputados federais e senadores. Esse avan\u00e7o \u00e9 relevante porque aponta para uma amplia\u00e7\u00e3o da representa\u00e7\u00e3o descritiva, isto \u00e9, da presen\u00e7a institucional de sujeitos ind\u00edgenas buscando espa\u00e7o na arena eleitoral.<\/p>\n\n\n\n<p class=\"has-medium-font-size\">Gr\u00e1fico 1 &#8211; Candidaturas ind\u00edgenas no Brasil aos cargos de deputado estadual, deputado federal e senador (2014 &#8211; 2022)<\/p>\n\n\n\n<figure class=\"wp-block-image size-full\" style=\"margin-top:0;margin-bottom:0\"><img loading=\"lazy\" decoding=\"async\" width=\"2560\" height=\"1536\" src=\"https:\/\/redem.c3sl.ufpr.br\/blog\/wp-content\/uploads\/2026\/04\/grafico_frequencia_candidaturas_indigenas-scaled.png\" alt=\"\" class=\"wp-image-240\" srcset=\"https:\/\/redem.c3sl.ufpr.br\/blog\/wp-content\/uploads\/2026\/04\/grafico_frequencia_candidaturas_indigenas-scaled.png 2560w, https:\/\/redem.c3sl.ufpr.br\/blog\/wp-content\/uploads\/2026\/04\/grafico_frequencia_candidaturas_indigenas-300x180.png 300w, https:\/\/redem.c3sl.ufpr.br\/blog\/wp-content\/uploads\/2026\/04\/grafico_frequencia_candidaturas_indigenas-1024x614.png 1024w, https:\/\/redem.c3sl.ufpr.br\/blog\/wp-content\/uploads\/2026\/04\/grafico_frequencia_candidaturas_indigenas-768x461.png 768w, https:\/\/redem.c3sl.ufpr.br\/blog\/wp-content\/uploads\/2026\/04\/grafico_frequencia_candidaturas_indigenas-1536x922.png 1536w, https:\/\/redem.c3sl.ufpr.br\/blog\/wp-content\/uploads\/2026\/04\/grafico_frequencia_candidaturas_indigenas-2048x1229.png 2048w\" sizes=\"auto, (max-width: 2560px) 100vw, 2560px\" \/><\/figure>\n\n\n\n<p class=\"has-small-font-size\">Fonte: Elabora\u00e7\u00e3o pr\u00f3pria (2026).<\/p>\n\n\n\n<p>Em conjunto, os dados sugerem que a presen\u00e7a ind\u00edgena na disputa eleitoral brasileira se ampliou sobretudo nos cargos proporcionais, onde a entrada de novas candidaturas parece ter ganhado maior densidade ao longo do tempo. Esse crescimento \u00e9 relevante porque indica um avan\u00e7o da representa\u00e7\u00e3o descritiva, isto \u00e9, da presen\u00e7a de sujeitos ind\u00edgenas no processo eleitoral. Ainda assim, como o pr\u00f3prio argumento deste ensaio sustenta, esse aumento n\u00e3o autoriza concluir automaticamente que houve fortalecimento equivalente da representa\u00e7\u00e3o substantiva, j\u00e1 que o sentido pol\u00edtico desses mandatos depende tamb\u00e9m de trajet\u00f3ria, inser\u00e7\u00e3o partid\u00e1ria e v\u00ednculo com pautas coletivas dos povos ind\u00edgenas.<\/p>\n\n\n\n<p><strong>Entre presen\u00e7a e representa\u00e7\u00e3o: quem s\u00e3o os eleitos ind\u00edgenas?<\/strong><\/p>\n\n\n\n<p>Se o crescimento das candidaturas ind\u00edgenas ajuda a evidenciar uma amplia\u00e7\u00e3o da presen\u00e7a desses sujeitos na arena eleitoral, o exame dos eleitos permite avan\u00e7ar na compreens\u00e3o de que tipo de representa\u00e7\u00e3o chega, de fato, \u00e0s institui\u00e7\u00f5es. Isso porque a convers\u00e3o de candidaturas em mandatos n\u00e3o apenas reduz o universo observado, mas tamb\u00e9m revela com mais nitidez como partidos, trajet\u00f3rias e posicionamentos ideol\u00f3gicos condicionam a forma assumida por essa presen\u00e7a no interior do sistema pol\u00edtico. Em outras palavras, observar os eleitos \u00e9 fundamental para distinguir entre aumento da participa\u00e7\u00e3o eleitoral e efetiva consolida\u00e7\u00e3o de uma representa\u00e7\u00e3o dos povos ind\u00edgenas.Dos 11 candidatos eleitos, seis foram deputados federais. S\u00e3o tr\u00eas deputados estaduais e dois senadores. Em rela\u00e7\u00e3o a ideologia, s\u00e3o quatro candidatos de esquerda, um do centro, dois de extrema-esquerda e quatro de direita, no que diz respeito a ideologia detalhada.<\/p>\n\n\n\n<figure class=\"wp-block-table is-style-stripes has-small-font-size\"><table class=\"has-fixed-layout\"><tbody><tr><td><strong>CARGO<\/strong><\/td><td><strong>NOME<\/strong><\/td><td><strong>PARTIDO<\/strong><\/td><td><strong>IDEOLOGIA<\/strong><\/td><\/tr><tr><td>Deputado estadual<\/td><td>Nunes<\/td><td>PT<\/td><td>Esquerda<\/td><\/tr><tr><td>Deputado estadual<\/td><td>Capit\u00e3o Assum\u00e7\u00e3o<\/td><td>PL<\/td><td>Direita<\/td><\/tr><tr><td>Deputado estadual&nbsp;<\/td><td>\u00cdndia Armelau<\/td><td>PL<\/td><td>Direita<\/td><\/tr><tr><td>Deputado federal<\/td><td>Joenia Wapichana<\/td><td>Rede<\/td><td>Centro<\/td><\/tr><tr><td>Deputado federal<\/td><td>Silvia Wai\u00e3pi<\/td><td>PL<\/td><td>Direita<\/td><\/tr><tr><td>Deputado federal<\/td><td>Paulo Guedes<\/td><td>PT<\/td><td>Esquerda<\/td><\/tr><tr><td>Deputado federal<\/td><td>C\u00e9lia Xakriab\u00e1<\/td><td>PSOL<\/td><td>Extrema-esquerda<\/td><\/tr><tr><td>Deputado federal<\/td><td>Juliana Cardoso<\/td><td>PT<\/td><td>Esquerda<\/td><\/tr><tr><td>Deputado federal<\/td><td>Sonia Guajajara<\/td><td>PSOL<\/td><td>Extrema-esquerda<\/td><\/tr><tr><td>Senador&nbsp;<\/td><td>Wellington Dias<\/td><td>PT<\/td><td>Esquerda<\/td><\/tr><tr><td>Senador&nbsp;<\/td><td>Hamilton Mour\u00e3o<\/td><td>Republicanos&nbsp;&nbsp;<\/td><td>Direita<\/td><\/tr><\/tbody><\/table><\/figure>\n\n\n\n<p class=\"has-small-font-size\">Fonte: Portal da Classe Pol\u00edtica (INCT ReDem); classifica\u00e7\u00e3o ideol\u00f3gica conforme Bolognesi et al. (2025).<\/p>\n\n\n\n<p>A partir da vari\u00e1vel \u201cideologia\u201d, ser\u00e1 interessante explorar se h\u00e1 diferen\u00e7as relevantes em rela\u00e7\u00e3o \u00e0 ideologia detalhada, nesse caso entre os eleitos do PT e PSOL, considerando que esses s\u00e3o os partidos que divergem em esquerda e extrema-esquerda. A distin\u00e7\u00e3o interna \u00e0 esquerda pode ser analiticamente interessante, considerando as trajet\u00f3rias de milit\u00e2ncia anteriores ao mandato.&nbsp;<\/p>\n\n\n\n<p>\u00c9 importante perceber que a participa\u00e7\u00e3o pol\u00edtica \u00e9 subjetiva e responde a fatores diversos e\/ou aspira\u00e7\u00f5es individuais. Sendo assim, a autodeclara\u00e7\u00e3o n\u00e3o \u00e9 sin\u00f4nimo de representa\u00e7\u00e3o dos interesses das comunidades ind\u00edgenas. A diversidade de contexto social e de carreira pol\u00edtica resulta para diferentes motiva\u00e7\u00f5es que podem, inclusive, ser alheias \u00e0 pr\u00e1tica indigenista. Apesar da difus\u00e3o da ideia da articula\u00e7\u00e3o e exist\u00eancia ind\u00edgena, no geral, como homog\u00eanea e concordante, os dados coletados at\u00e9 o momento demonstram que tal contexto \u00e9 permeado por perspectivas por vezes conflitantes. \u00c9 no mesmo sentido que se torna necess\u00e1rio analisar fatores diversos para determinar a escolha de partido e por conseguinte, ideologia detalhada.&nbsp;<\/p>\n\n\n\n<p>Outro fator a ser observado \u00e9 a presen\u00e7a de cargos n\u00e3o eletivos nessas trajet\u00f3rias. Nesse caso, dos 11 candidatos, Joenia Wapichana (Rede Sustentabilidade) \u00e9, atualmente, presidente da Funda\u00e7\u00e3o Nacional dos Povos Ind\u00edgenas (FUNAI), tendo assumido o cargo em 2023 como a primeira mulher ind\u00edgena a ocup\u00e1-lo. Sonia Guajajara (PSOL) \u00e9 a atual Ministra dos Povos Ind\u00edgenas do Brasil, cargo criado em 2023, sendo, tamb\u00e9m, a primeira mulher ind\u00edgena a assumi-lo.&nbsp;<\/p>\n\n\n\n<p>Os candidatos de ideologia de direita &#8211; tr\u00eas do Partido Liberal e um do Republicanos &#8211; possuem hist\u00f3rico conturbado de atua\u00e7\u00e3o pol\u00edtica no tocante ao movimento ind\u00edgena. Em fevereiro de 2025 a Articula\u00e7\u00e3o Nacional dos Povos Ind\u00edgenas do Brasil (APIB) &#8211; inst\u00e2ncia de refer\u00eancia nacional do movimento ind\u00edgena no Brasil &#8211; publicou a mat\u00e9ria intitulada \u201cDeputada bolsonarista Silvia Nobre \u00e9 repudiada por organiza\u00e7\u00f5es dos Waj\u00e3pi: \u2018n\u00e3o representa nosso povo\u2019\u201d. O material demonstra que a deputada n\u00e3o \u00e9 reconhecida como ind\u00edgena pelo pr\u00f3prio povo, apesar de autodeclarada. No mesmo texto, afirma-se que ocorre uso do nome ind\u00edgena para defesa de atividades ilegais de minera\u00e7\u00e3o e agroneg\u00f3cio. Na carta de rep\u00fadio, o Conselho das Aldeias Waj\u00e3pi &#8211; Apina, afirma, categoricamente, que:&nbsp;<\/p>\n\n\n\n<div class=\"wp-block-columns is-layout-flex wp-container-core-columns-is-layout-28f84493 wp-block-columns-is-layout-flex\">\n<div class=\"wp-block-column is-layout-flow wp-block-column-is-layout-flow\" style=\"flex-basis:100%\">\n<blockquote class=\"wp-block-quote is-style-default is-layout-flow wp-block-quote-is-layout-flow\">\n<p class=\"has-text-align-right has-medium-font-size\">[&#8230;] \u201ca senhora Silvia Nobre Lopes, do Partido Liberal do Amap\u00e1, que usa o nome Wai\u00e3pi e est\u00e1 apoiando o Bolsonaro, n\u00e3o representa nosso povo Waj\u00e3pi, ela n\u00e3o faz parte das nossas organiza\u00e7\u00f5es representativas e n\u00e3o pode falar em nosso nome. [&#8230;] N\u00f3s somos contra as propostas do Bolsonaro e da S\u00edlvia de explora\u00e7\u00e3o das Terras Ind\u00edgenas para minera\u00e7\u00e3o, garimpo, agroneg\u00f3cio, extra\u00e7\u00e3o de madeira e outras atividades que destroem a floresta. N\u00f3s lutamos pela demarca\u00e7\u00e3o de todas Terras Ind\u00edgenas no Brasil e contra o Marco Temporal. [&#8230;] N\u00e3o aceitamos que o nome do nosso povo seja usado para apoiar esse presidente genocida e as propostas da bancada ruralista no congresso.\u201d (APIB, 2025).&nbsp;<\/p>\n<\/blockquote>\n<\/div>\n<\/div>\n\n\n\n<p>J\u00e1 o deputado Capit\u00e3o Assum\u00e7\u00e3o (PL), deputado e candidato \u00e0 prefeitura de Vit\u00f3ria &#8211; Esp\u00edrito Santo em 2024, se autodeclarou ind\u00edgena naquele ano, em 2022 e 2020. Nos processos eleitorais de 2014, 2016 e 2018, era autodeclarado branco. O capit\u00e3o reserva da Pol\u00edcia Militar, passou a ser investigado pelo Supremo Tribunal Federal (STF) por a\u00e7\u00f5es que posteriormente resultaram em pris\u00e3o. Em 2024, descumpriu medidas cautelares do STF em rela\u00e7\u00e3o ao hist\u00f3rico de dissemina\u00e7\u00e3o de not\u00edcias falsas, sendo investigado por envolvimento na organiza\u00e7\u00e3o financeira e midi\u00e1tica dos atos antidemocr\u00e1ticos em 8 de janeiro de 2023.<\/p>\n\n\n\n<p>Hamilton Mour\u00e3o (Republicanos) atribuiu a autodeclara\u00e7\u00e3o a altera\u00e7\u00e3o de dados no Tribunal Superior Eleitoral (TSE). Durante a candidatura ao Senado do Rio Grande do Sul, ainda era vice-presidente de Jair Messias Bolsonaro, em um per\u00edodo de governo marcado por viol\u00eancias contra os povos ind\u00edgenas atrav\u00e9s de paralisa\u00e7\u00e3o de demarca\u00e7\u00f5es, descaso sobre a\u00e7\u00f5es do agroneg\u00f3cio e da minera\u00e7\u00e3o em territ\u00f3rios, etc. Ainda assim, Hamilton Mour\u00e3o afirmou descend\u00eancia de pai ind\u00edgena nas redes sociais.&nbsp;<\/p>\n\n\n\n<p>A autodeclara\u00e7\u00e3o racial no TSE n\u00e3o \u00e9 realizada com verifica\u00e7\u00e3o externa, o que a distingue da autodeclara\u00e7\u00e3o censit\u00e1ria (realizada com categorias populacionais) e da autodeclara\u00e7\u00e3o comunit\u00e1ria (que pressup\u00f5e reconhecimento coletivo). O caso de Capit\u00e3o Assum\u00e7\u00e3o e Hamilton Mour\u00e3o demonstram formas estrat\u00e9gicas de uso desse dispositivo eleitoral, fato que, por sua vez, atestam que declarar n\u00e3o significa pertencer, efetivamente.&nbsp;<\/p>\n\n\n\n<p>\u00cdndia Armelau, deputada estadual pelo PL, tamb\u00e9m aparece investigada por comandar um esquema de rachadinha na Assembleia Legislativa do Estado do Rio de Janeiro. A organiza\u00e7\u00e3o tinha como objetivo a elei\u00e7\u00e3o do marido para a c\u00e2mara de vereadores do Rio de Janeiro, Fernando Paes Armelau (PL) &#8211; que ocorreu, efetivamente, em 2024.&nbsp;<\/p>\n\n\n\n<figure class=\"wp-block-image size-large is-resized\"><img loading=\"lazy\" decoding=\"async\" width=\"814\" height=\"1024\" src=\"https:\/\/redem.c3sl.ufpr.br\/blog\/wp-content\/uploads\/2026\/04\/WhatsApp-Image-2026-04-10-at-17.51.43-814x1024.jpeg\" alt=\"\" class=\"wp-image-242\" style=\"aspect-ratio:0.7949315411427141;width:421px;height:auto\" srcset=\"https:\/\/redem.c3sl.ufpr.br\/blog\/wp-content\/uploads\/2026\/04\/WhatsApp-Image-2026-04-10-at-17.51.43-814x1024.jpeg 814w, https:\/\/redem.c3sl.ufpr.br\/blog\/wp-content\/uploads\/2026\/04\/WhatsApp-Image-2026-04-10-at-17.51.43-239x300.jpeg 239w, https:\/\/redem.c3sl.ufpr.br\/blog\/wp-content\/uploads\/2026\/04\/WhatsApp-Image-2026-04-10-at-17.51.43-768x966.jpeg 768w, https:\/\/redem.c3sl.ufpr.br\/blog\/wp-content\/uploads\/2026\/04\/WhatsApp-Image-2026-04-10-at-17.51.43.jpeg 1170w\" sizes=\"auto, (max-width: 814px) 100vw, 814px\" \/><figcaption class=\"wp-element-caption\">Cr\u00e9ditos da image: Adriano Arantos<\/figcaption><\/figure>\n\n\n\n<p>No geral, em um levantamento preliminar, nenhuma das pessoas autodeclaradas ind\u00edgenas que representam \/ s\u00e3o representadas por partidos de ideologia de direita, sugerindo aus\u00eancia de v\u00ednculo com o movimento ind\u00edgena organizado. Nos casos analisados observou-se esse padr\u00e3o &#8211; ainda, essa hip\u00f3tese precisar\u00e1 ser testada com um universo mais amplo. Os demais candidatos est\u00e3o explicitamente relacionados com a causa trabalhista e \/ ou ambiental. No geral, estiveram envolvidos em processos de luta por demarca\u00e7\u00e3o de territ\u00f3rio, com a causa feminista,&nbsp; etc., e direcionam seu posicionamento para a valoriza\u00e7\u00e3o e defesa das popula\u00e7\u00f5es origin\u00e1rias do Brasil. \u00c9 premente, na continuidade da pesquisa, analisar esses aspectos de maneira minuciosa.&nbsp;<\/p>\n\n\n\n<p>De todo modo, ficam expl\u00edcitas as ideias iniciais a serem mais profundamente exploradas sobre a representa\u00e7\u00e3o, al\u00e9m do entendimento de que a autodeclara\u00e7\u00e3o n\u00e3o necessariamente acompanha o trabalho efetivo para a causa ind\u00edgena, aqui compreendida como a que se articula contra qualquer tipo de viol\u00eancia contra etnias ind\u00edgenas brasileiras. Al\u00e9m disso, a redemocratiza\u00e7\u00e3o do pa\u00eds e participa\u00e7\u00e3o ind\u00edgena na formula\u00e7\u00e3o da Constitui\u00e7\u00e3o de 1988 parece ser uma vari\u00e1vel diretamente relacionada \u00e0 crescente estat\u00edstica de candidaturas e sucesso eleitoral de pessoas autodeclaradas. A rela\u00e7\u00e3o com o crescimento de candidaturas ind\u00edgenas constitui hip\u00f3tese promissora de pesquisa. Em outro momento, demandar\u00e1 an\u00e1lise a partir de um recorte temporal mais extenso.<\/p>\n\n\n\n<p class=\"has-medium-font-size\"><strong>Sobre os autores<\/strong><\/p>\n\n\n\n<p class=\"has-medium-font-size\"><strong>Isadora Bortolini<\/strong> \u00e9 estudante do curso de bacharelado em Ci\u00eancias Sociais na Universidade Federal do Paran\u00e1 e bolsista de inicia\u00e7\u00e3o cient\u00edfica do CNPq.<\/p>\n\n\n\n<p class=\"has-medium-font-size\"><strong>Nilton Sainz<\/strong> \u00e9 Doutor em Ci\u00eancia Pol\u00edtica pela UFPR, Professor Colaborador do PPGCP-UFPR e P\u00f3s-Doc na mesma institui\u00e7\u00e3o. \u00c9 especialista em Data Science &amp; Big Data pela UFPR, editor do blog DataDem e coordena os projetos de Ci\u00eancia de Dados do INCT-ReDem. Pesquisa Elites, Elei\u00e7\u00f5es e Institui\u00e7\u00f5es Pol\u00edticas no Brasil e na Am\u00e9rica Latina.<\/p>\n\n\n\n<p class=\"has-medium-font-size\"><strong>Refer\u00eancias<\/strong><\/p>\n\n\n\n<p class=\"has-medium-font-size\">BOLOGNESI, Bruno; RIBEIRO, Ednaldo; CODATO, Adriano; SILVA, Bruno Fernando da. O desaparecimento do centro ideol\u00f3gico no sistema partid\u00e1rio brasileiro: a classifica\u00e7\u00e3o mais atualizada dos experts. Opini\u00e3o P\u00fablica, Campinas, SP, v. 31, p. e31120, 2026. Dispon\u00edvel em: <a href=\"https:\/\/periodicos.sbu.unicamp.br\/ojs\/index.php\/op\/article\/view\/8682072\">https:\/\/periodicos.sbu.unicamp.br\/ojs\/index.php\/op\/article\/view\/8682072<\/a>. Acesso em: 13 mar. 2026.<\/p>\n","protected":false},"excerpt":{"rendered":"<p>Por Isadora Bortolini e Nilton Sainz O presente ensaio concentra-se em interpretar dados espec\u00edficos sobre pessoas autodeclaradas ind\u00edgenas e engajamento pol\u00edtico. Para isso, foi feito um recorte que compreende o sucesso eleitoral de deputados estaduais, federais e senadores entre as elei\u00e7\u00f5es de 2014 e 2022. Entre os anos analisados, foram eleitos o que representa 11 [&hellip;]<\/p>\n","protected":false},"author":5,"featured_media":241,"comment_status":"open","ping_status":"open","sticky":false,"template":"","format":"standard","meta":{"footnotes":""},"categories":[10],"tags":[],"class_list":["post-239","post","type-post","status-publish","format-standard","has-post-thumbnail","hentry","category-publicacao-continua"],"_links":{"self":[{"href":"https:\/\/redem.c3sl.ufpr.br\/blog\/index.php\/wp-json\/wp\/v2\/posts\/239","targetHints":{"allow":["GET"]}}],"collection":[{"href":"https:\/\/redem.c3sl.ufpr.br\/blog\/index.php\/wp-json\/wp\/v2\/posts"}],"about":[{"href":"https:\/\/redem.c3sl.ufpr.br\/blog\/index.php\/wp-json\/wp\/v2\/types\/post"}],"author":[{"embeddable":true,"href":"https:\/\/redem.c3sl.ufpr.br\/blog\/index.php\/wp-json\/wp\/v2\/users\/5"}],"replies":[{"embeddable":true,"href":"https:\/\/redem.c3sl.ufpr.br\/blog\/index.php\/wp-json\/wp\/v2\/comments?post=239"}],"version-history":[{"count":4,"href":"https:\/\/redem.c3sl.ufpr.br\/blog\/index.php\/wp-json\/wp\/v2\/posts\/239\/revisions"}],"predecessor-version":[{"id":247,"href":"https:\/\/redem.c3sl.ufpr.br\/blog\/index.php\/wp-json\/wp\/v2\/posts\/239\/revisions\/247"}],"wp:featuredmedia":[{"embeddable":true,"href":"https:\/\/redem.c3sl.ufpr.br\/blog\/index.php\/wp-json\/wp\/v2\/media\/241"}],"wp:attachment":[{"href":"https:\/\/redem.c3sl.ufpr.br\/blog\/index.php\/wp-json\/wp\/v2\/media?parent=239"}],"wp:term":[{"taxonomy":"category","embeddable":true,"href":"https:\/\/redem.c3sl.ufpr.br\/blog\/index.php\/wp-json\/wp\/v2\/categories?post=239"},{"taxonomy":"post_tag","embeddable":true,"href":"https:\/\/redem.c3sl.ufpr.br\/blog\/index.php\/wp-json\/wp\/v2\/tags?post=239"}],"curies":[{"name":"wp","href":"https:\/\/api.w.org\/{rel}","templated":true}]}}