{"id":200,"date":"2026-03-23T18:03:12","date_gmt":"2026-03-23T21:03:12","guid":{"rendered":"https:\/\/redem.c3sl.ufpr.br\/blog\/?p=200"},"modified":"2026-03-23T18:13:04","modified_gmt":"2026-03-23T21:13:04","slug":"qual-o-tamanho-da-uniao-progressista-e-onde-ele-esta","status":"publish","type":"post","link":"https:\/\/redem.c3sl.ufpr.br\/blog\/index.php\/2026\/03\/23\/qual-o-tamanho-da-uniao-progressista-e-onde-ele-esta\/","title":{"rendered":"Qual o tamanho da Uni\u00e3o Progressista? E onde ele est\u00e1?"},"content":{"rendered":"\n<h4 class=\"wp-block-heading is-style-text-subtitle has-medium-font-size is-style-text-subtitle--1\"><em>Por Jo\u00e3o Marcelo Lima Barra e Nilton Sainz<\/em><\/h4>\n\n\n\n<p>No dia 19 de agosto do ano passado, Uni\u00e3o Brasil (UB) e Progressistas anunciaram a cria\u00e7\u00e3o de uma federa\u00e7\u00e3o partid\u00e1ria, batizada de Uni\u00e3o Progressista (UPB). A federa\u00e7\u00e3o implica que, por no m\u00ednimo quatro anos, os dois partidos atuar\u00e3o como uma \u00fanica agremia\u00e7\u00e3o: lan\u00e7ando candidaturas unificadas ao Executivo e se comportando no Legislativo como uma s\u00f3 bancada.<\/p>\n\n\n\n<p>Os n\u00fameros da federa\u00e7\u00e3o impressionam. O novo arranjo contar\u00e1 com a maior bancada da C\u00e2mara dos Deputados, com 108 parlamentares, a segunda maior do Senado, com 15 senadores, al\u00e9m de mais de 1300 prefeituras e seis governos estaduais. Trata-se, portanto, de um dos atores mais relevantes do sistema pol\u00edtico brasileiro contempor\u00e2neo.<\/p>\n\n\n\n<p>No entanto, o tamanho agregado da federa\u00e7\u00e3o diz pouco sobre como esse poder est\u00e1 distribu\u00eddo no territ\u00f3rio. Em sistemas federativos e eleitoralmente desiguais como o brasileiro, a localiza\u00e7\u00e3o geogr\u00e1fica do voto e da representa\u00e7\u00e3o \u00e9 um elemento central para compreender o peso pol\u00edtico efetivo de um partido \u2014 especialmente quando h\u00e1 forte varia\u00e7\u00e3o entre regi\u00f5es e tipos de munic\u00edpio.<\/p>\n\n\n\n<p>\u00c9 nesse ponto que emerge o problema que orienta esta an\u00e1lise:&nbsp;onde, exatamente, est\u00e1 ancorado o poder da Uni\u00e3o Progressista no Brasil?&nbsp;Trata-se de uma for\u00e7a homog\u00eanea e nacionalizada ou de um partido cuja influ\u00eancia depende de padr\u00f5es territoriais espec\u00edficos, como regi\u00f5es ou munic\u00edpios de determinado perfil?<\/p>\n\n\n\n<p>Ao explorar a geografia eleitoral da federa\u00e7\u00e3o, combinando dados de vota\u00e7\u00e3o, representa\u00e7\u00e3o legislativa e desempenho municipal, este artigo busca mostrar que o poder da Uni\u00e3o Progressista n\u00e3o \u00e9 apenas grande, mas tamb\u00e9m&nbsp;desigualmente distribu\u00eddo, com implica\u00e7\u00f5es relevantes para a din\u00e2mica da representa\u00e7\u00e3o pol\u00edtica e para as disputas eleitorais futuras.<\/p>\n\n\n\n<figure class=\"wp-block-image size-large is-resized\"><img loading=\"lazy\" decoding=\"async\" width=\"1024\" height=\"683\" src=\"https:\/\/redem.c3sl.ufpr.br\/blog\/wp-content\/uploads\/2026\/03\/image-1024x683.jpeg\" alt=\"\" class=\"wp-image-202\" style=\"aspect-ratio:1.499291758980133;width:499px;height:auto\" srcset=\"https:\/\/redem.c3sl.ufpr.br\/blog\/wp-content\/uploads\/2026\/03\/image-1024x683.jpeg 1024w, https:\/\/redem.c3sl.ufpr.br\/blog\/wp-content\/uploads\/2026\/03\/image-300x200.jpeg 300w, https:\/\/redem.c3sl.ufpr.br\/blog\/wp-content\/uploads\/2026\/03\/image-768x512.jpeg 768w, https:\/\/redem.c3sl.ufpr.br\/blog\/wp-content\/uploads\/2026\/03\/image-1536x1024.jpeg 1536w, https:\/\/redem.c3sl.ufpr.br\/blog\/wp-content\/uploads\/2026\/03\/image.jpeg 1600w\" sizes=\"auto, (max-width: 1024px) 100vw, 1024px\" \/><\/figure>\n\n\n\n<h5 class=\"wp-block-heading is-style-default has-small-font-size\"><em>Cr\u00e9ditos da imagem: Uni\u00e3o Brasil.<\/em><\/h5>\n\n\n\n<h3 class=\"wp-block-heading\">A distribui\u00e7\u00e3o territorial da Uni\u00e3o Progressista<\/h3>\n\n\n\n<p>Quando falamos da bancada federal do partido alguns estados se destacam. Como evidenciado no primeiro mapa, onde analisamos os dados de vota\u00e7\u00e3o para deputado federal em 2022, estados como Alagoas, em que os dois partidos que formam a federa\u00e7\u00e3o tiveram somados 43% dos votos e contam hoje com 5 dos 9 deputados do estado, e o Acre, em que os partidos somaram 41% do total, mostram a for\u00e7a da nova federa\u00e7\u00e3o. A maior parte dos votos do partido se encontram na regi\u00e3o nordeste, em que os partidos atingiram 23% dos votos totais. A regi\u00e3o em que a federa\u00e7\u00e3o pior performou no legislativo federal foi o sudeste, com 13% dos votos.<\/p>\n\n\n\n<div class=\"wp-block-media-text is-stacked-on-mobile\" style=\"grid-template-columns:73% auto\"><figure class=\"wp-block-media-text__media\"><img loading=\"lazy\" decoding=\"async\" width=\"808\" height=\"678\" src=\"https:\/\/redem.c3sl.ufpr.br\/blog\/wp-content\/uploads\/2026\/03\/image-9.png\" alt=\"\" class=\"wp-image-222 size-full\" srcset=\"https:\/\/redem.c3sl.ufpr.br\/blog\/wp-content\/uploads\/2026\/03\/image-9.png 808w, https:\/\/redem.c3sl.ufpr.br\/blog\/wp-content\/uploads\/2026\/03\/image-9-300x252.png 300w, https:\/\/redem.c3sl.ufpr.br\/blog\/wp-content\/uploads\/2026\/03\/image-9-768x644.png 768w\" sizes=\"auto, (max-width: 808px) 100vw, 808px\" \/><\/figure><div class=\"wp-block-media-text__content\">\n<p class=\"has-small-font-size\">Mapa 1. Os mapas apresentados a seguir est\u00e3o organizados por munic\u00edpios e utilizam um gradiente de cor azul: quanto maior a vota\u00e7\u00e3o obtida pelos partidos da federa\u00e7\u00e3o em rela\u00e7\u00e3o ao total do munic\u00edpio, mais intensa ser\u00e1 a tonalidade azul. Fonte: TSE\/CEM, Elabora\u00e7\u00e3o pr\u00f3pria (2025).<\/p>\n<\/div><\/div>\n\n\n\n<p><\/p>\n\n\n\n<p>O poderio da UPB se mostra ainda maior nas elei\u00e7\u00f5es municipais, como mostram os mapas abaixo. O partido contar\u00e1 com mais de 12 mil vereadores, distribu\u00eddos especialmente nas regi\u00f5es norte e centro-oeste.&nbsp; Al\u00e9m disso, em mais de 300 munic\u00edpios os dois partidos atingem, somados, mais de 50% dos votos para vereador. Ou seja, por 4 anos essas c\u00e2maras municipais possu\u00edram maioria absoluta da federa\u00e7\u00e3o. O mapa abaixo d\u00e1 uma dimens\u00e3o dos votos da UPB para verean\u00e7a.<\/p>\n\n\n\n<div class=\"wp-block-media-text is-stacked-on-mobile\" style=\"grid-template-columns:64% auto\"><figure class=\"wp-block-media-text__media\"><img loading=\"lazy\" decoding=\"async\" width=\"634\" height=\"675\" src=\"https:\/\/redem.c3sl.ufpr.br\/blog\/wp-content\/uploads\/2026\/03\/image-8.png\" alt=\"\" class=\"wp-image-221 size-full\" srcset=\"https:\/\/redem.c3sl.ufpr.br\/blog\/wp-content\/uploads\/2026\/03\/image-8.png 634w, https:\/\/redem.c3sl.ufpr.br\/blog\/wp-content\/uploads\/2026\/03\/image-8-282x300.png 282w\" sizes=\"auto, (max-width: 634px) 100vw, 634px\" \/><\/figure><div class=\"wp-block-media-text__content\">\n<p class=\"has-small-font-size\">Mapa 2. Fonte: TSE\/CEM, Elabora\u00e7\u00e3o pr\u00f3pria (2025).<\/p>\n<\/div><\/div>\n\n\n\n<p><\/p>\n\n\n\n<p>Al\u00e9m disso, a UPB tamb\u00e9m contar\u00e1 com mais de 1300 prefeituras, a maior parte delas distribu\u00eddas nas mesmas regi\u00f5es mencionadas acima: norte e centro-oeste. Em estados como Acre e Amap\u00e1 o partido comandar\u00e1 mais de 50% das prefeituras do Estado.<\/p>\n\n\n\n<div class=\"wp-block-media-text is-stacked-on-mobile\" style=\"grid-template-columns:77% auto\"><figure class=\"wp-block-media-text__media\"><img loading=\"lazy\" decoding=\"async\" width=\"864\" height=\"676\" src=\"https:\/\/redem.c3sl.ufpr.br\/blog\/wp-content\/uploads\/2026\/03\/image-7.png\" alt=\"\" class=\"wp-image-220 size-full\" srcset=\"https:\/\/redem.c3sl.ufpr.br\/blog\/wp-content\/uploads\/2026\/03\/image-7.png 864w, https:\/\/redem.c3sl.ufpr.br\/blog\/wp-content\/uploads\/2026\/03\/image-7-300x235.png 300w, https:\/\/redem.c3sl.ufpr.br\/blog\/wp-content\/uploads\/2026\/03\/image-7-768x601.png 768w\" sizes=\"auto, (max-width: 864px) 100vw, 864px\" \/><\/figure><div class=\"wp-block-media-text__content\">\n<p class=\"has-small-font-size\">Mapa 3. Fonte: TSE\/CEM, Elabora\u00e7\u00e3o pr\u00f3pria (2025).<\/p>\n<\/div><\/div>\n\n\n\n<p><\/p>\n\n\n\n<p>O que a an\u00e1lise dos dados nos mostrou \u00e9 que o partido possui um desempenho melhor nos munic\u00edpios de menor popula\u00e7\u00e3o. Usando uma t\u00e9cnica estat\u00edstica, a regress\u00e3o log\u00edstica pode-se perceber que a chance de vit\u00f3ria da federa\u00e7\u00e3o decresce \u00e0 medida que a popula\u00e7\u00e3o do munic\u00edpio \u00e9 maior.<\/p>\n\n\n\n<div class=\"wp-block-media-text is-stacked-on-mobile\" style=\"grid-template-columns:76% auto\"><figure class=\"wp-block-media-text__media\"><img loading=\"lazy\" decoding=\"async\" width=\"1024\" height=\"647\" src=\"https:\/\/redem.c3sl.ufpr.br\/blog\/wp-content\/uploads\/2026\/03\/image-10-1024x647.png\" alt=\"\" class=\"wp-image-223 size-full\" srcset=\"https:\/\/redem.c3sl.ufpr.br\/blog\/wp-content\/uploads\/2026\/03\/image-10-1024x647.png 1024w, https:\/\/redem.c3sl.ufpr.br\/blog\/wp-content\/uploads\/2026\/03\/image-10-300x190.png 300w, https:\/\/redem.c3sl.ufpr.br\/blog\/wp-content\/uploads\/2026\/03\/image-10-768x485.png 768w, https:\/\/redem.c3sl.ufpr.br\/blog\/wp-content\/uploads\/2026\/03\/image-10.png 1071w\" sizes=\"auto, (max-width: 1024px) 100vw, 1024px\" \/><\/figure><div class=\"wp-block-media-text__content\">\n<p class=\"has-small-font-size\">Gr\u00e1fico 1. Fonte: TSE\/CEM, Elabora\u00e7\u00e3o pr\u00f3pria (2025).<\/p>\n<\/div><\/div>\n\n\n\n<p><\/p>\n\n\n\n<p>Assim, a cria\u00e7\u00e3o dessa mega federa\u00e7\u00e3o enseja alguns debates a respeito da pol\u00edtica nacional. O primeiro \u00e9 a for\u00e7a dos munic\u00edpios pequenos. Com a despropor\u00e7\u00e3o da representa\u00e7\u00e3o dos estados na c\u00e2mara dos deputados, com os estados menores sendo super-representados, os partidos da Uni\u00e3o Progressista s\u00e3o consideravelmente beneficiados. Curiosamente, a ARENA tamb\u00e9m se aproveitava da mesma despropor\u00e7\u00e3o no per\u00edodo da Ditadura Militar, ficando conhecido como um partido de \u201cgrot\u00f5es\u201d.<\/p>\n\n\n\n<p>O segundo \u00e9 a n\u00e3o equival\u00eancia do voto para presidente e para deputado no Brasil. Como apresentamos acima, o nordeste, reduto do lulismo, foi a melhor regi\u00e3o para os partidos dessa federa\u00e7\u00e3o. O fato \u00e9 ir\u00f4nico quando se pensa na dif\u00edcil rela\u00e7\u00e3o desses partidos com o governo federal, estando muitas vezes mais pr\u00f3ximo da oposi\u00e7\u00e3o do que de Lula.<\/p>\n\n\n\n<p>Por \u00faltimo, precisa-se ressaltar que, diferente de partidos mais ideol\u00f3gicos, a Uni\u00e3o Progressista \u00e9 um am\u00e1lgama de diferentes grupos e lideran\u00e7as que n\u00e3o necessariamente pensam de formas parecidas. Embora devemos ressaltar o tamanho e a for\u00e7a dessa federa\u00e7\u00e3o, deve-se pensar quais grupos conseguiram hegemoniza-la, pensando no cen\u00e1rio de 2026. Com o julgamento e a condena\u00e7\u00e3o de Jair Bolsonaro, os atores da oposi\u00e7\u00e3o t\u00eam-se organizado para pensar qual \u00e9 o melhor nome para enfrentar, possivelmente, o presidente Lula. Independentemente de quem seja, o certo \u00e9 que veremos a Uni\u00e3o Progressista como um ator central nesse processo.<\/p>\n\n\n\n<p><\/p>\n\n\n\n<p class=\"is-style-text-subtitle has-medium-font-size is-style-text-subtitle--2\">Sobre os autores<\/p>\n\n\n\n<p class=\"has-medium-font-size\"><strong>Jo\u00e3o Marcelo Lima Barra<\/strong> \u00e9 Graduado em Ci\u00eancias Sociais pela USP, membro do Portal da Classe Pol\u00edtica e pesquisador do INCT Representa\u00e7\u00e3o e Legitimidade Democr\u00e1tica (ReDem).<\/p>\n\n\n\n<p class=\"has-medium-font-size\"><strong>Nilton Sainz<\/strong> \u00e9 Doutor em Ci\u00eancia Pol\u00edtica pela UFPR, Professor Colaborador do PPGCP-UFPR e P\u00f3s-Doc na mesma institui\u00e7\u00e3o. \u00c9 especialista em Data Science &amp; Big Data pela UFPR, editor do blog DataDem e coordena os projetos de Ci\u00eancia de Dados do INCT-ReDem. Pesquisa Elites, Elei\u00e7\u00f5es e Institui\u00e7\u00f5es Pol\u00edticas no Brasil e na Am\u00e9rica Latina.<\/p>\n\n\n\n<p><\/p>\n","protected":false},"excerpt":{"rendered":"<p>Por Jo\u00e3o Marcelo Lima Barra e Nilton Sainz No dia 19 de agosto do ano passado, Uni\u00e3o Brasil (UB) e Progressistas anunciaram a cria\u00e7\u00e3o de uma federa\u00e7\u00e3o partid\u00e1ria, batizada de Uni\u00e3o Progressista (UPB). A federa\u00e7\u00e3o implica que, por no m\u00ednimo quatro anos, os dois partidos atuar\u00e3o como uma \u00fanica agremia\u00e7\u00e3o: lan\u00e7ando candidaturas unificadas ao Executivo [&hellip;]<\/p>\n","protected":false},"author":5,"featured_media":202,"comment_status":"open","ping_status":"open","sticky":false,"template":"","format":"standard","meta":{"footnotes":""},"categories":[10],"tags":[],"class_list":["post-200","post","type-post","status-publish","format-standard","has-post-thumbnail","hentry","category-publicacao-continua"],"_links":{"self":[{"href":"https:\/\/redem.c3sl.ufpr.br\/blog\/index.php\/wp-json\/wp\/v2\/posts\/200","targetHints":{"allow":["GET"]}}],"collection":[{"href":"https:\/\/redem.c3sl.ufpr.br\/blog\/index.php\/wp-json\/wp\/v2\/posts"}],"about":[{"href":"https:\/\/redem.c3sl.ufpr.br\/blog\/index.php\/wp-json\/wp\/v2\/types\/post"}],"author":[{"embeddable":true,"href":"https:\/\/redem.c3sl.ufpr.br\/blog\/index.php\/wp-json\/wp\/v2\/users\/5"}],"replies":[{"embeddable":true,"href":"https:\/\/redem.c3sl.ufpr.br\/blog\/index.php\/wp-json\/wp\/v2\/comments?post=200"}],"version-history":[{"count":5,"href":"https:\/\/redem.c3sl.ufpr.br\/blog\/index.php\/wp-json\/wp\/v2\/posts\/200\/revisions"}],"predecessor-version":[{"id":230,"href":"https:\/\/redem.c3sl.ufpr.br\/blog\/index.php\/wp-json\/wp\/v2\/posts\/200\/revisions\/230"}],"wp:featuredmedia":[{"embeddable":true,"href":"https:\/\/redem.c3sl.ufpr.br\/blog\/index.php\/wp-json\/wp\/v2\/media\/202"}],"wp:attachment":[{"href":"https:\/\/redem.c3sl.ufpr.br\/blog\/index.php\/wp-json\/wp\/v2\/media?parent=200"}],"wp:term":[{"taxonomy":"category","embeddable":true,"href":"https:\/\/redem.c3sl.ufpr.br\/blog\/index.php\/wp-json\/wp\/v2\/categories?post=200"},{"taxonomy":"post_tag","embeddable":true,"href":"https:\/\/redem.c3sl.ufpr.br\/blog\/index.php\/wp-json\/wp\/v2\/tags?post=200"}],"curies":[{"name":"wp","href":"https:\/\/api.w.org\/{rel}","templated":true}]}}