{"id":10,"count":7,"description":"Espa\u00e7o para publica\u00e7\u00f5es cont\u00ednuas do espa\u00e7o de comunica\u00e7\u00e3o cient\u00edfica do ReDem.","link":"https:\/\/redem.c3sl.ufpr.br\/blog\/index.php\/category\/publicacao-continua\/","name":"Publica\u00e7\u00e3o cont\u00ednua","slug":"publicacao-continua","taxonomy":"category","parent":0,"meta":[],"_links":{"self":[{"href":"https:\/\/redem.c3sl.ufpr.br\/blog\/index.php\/wp-json\/wp\/v2\/categories\/10","targetHints":{"allow":["GET"]}}],"collection":[{"href":"https:\/\/redem.c3sl.ufpr.br\/blog\/index.php\/wp-json\/wp\/v2\/categories"}],"about":[{"href":"https:\/\/redem.c3sl.ufpr.br\/blog\/index.php\/wp-json\/wp\/v2\/taxonomies\/category"}],"wp:post_type":[{"href":"https:\/\/redem.c3sl.ufpr.br\/blog\/index.php\/wp-json\/wp\/v2\/posts?categories=10"}],"curies":[{"name":"wp","href":"https:\/\/api.w.org\/{rel}","templated":true}]}}